{"id":21648,"date":"2020-07-22T16:08:34","date_gmt":"2020-07-22T20:08:34","guid":{"rendered":"https:\/\/cpa.ca\/release-of-mental-health-action-plan-july-2020\/"},"modified":"2021-04-22T16:50:09","modified_gmt":"2021-04-22T20:50:09","slug":"release-of-mental-health-action-plan-july-2020","status":"publish","type":"post","link":"https:\/\/cpa.ca\/fr\/release-of-mental-health-action-plan-july-2020\/","title":{"rendered":"Publication du Plan d\u2019action en sant\u00e9 mentale (juillet 2020)"},"content":{"rendered":"<p>En ao\u00fbt 2020, l\u2019Alliance canadienne pour la maladie mentale et la sant\u00e9 mentale (ACMMSM) a publi\u00e9 son <a target=\"_blank\" href=\"https:\/\/4fd10ef8-cd4e-4952-9d3e-5f87fdb378b7.filesusr.com\/ugd\/b625ef_c4d97119940c44eb84088c948920d984.pdf\" rel=\"noopener noreferrer\"><em><u>Plan d\u2019action en sant\u00e9 mentale<\/u><\/em><\/a> (<em>Un meilleur acc\u00e8s aux services de soins en sant\u00e9 mentale et un syst\u00e8me plus performant au Canada<\/em>), qui renferme six recommandations que devrait mettre en \u0153uvre le gouvernement f\u00e9d\u00e9ral pour am\u00e9liorer l\u2019acc\u00e8s en temps opportun aux services et au soutien en sant\u00e9 mentale au Canada. Il s\u2019agit l\u00e0 d\u2019un exemple important, qui montre que la communaut\u00e9 nationale de la sant\u00e9 mentale parle d\u2019une seule et m\u00eame voix.<\/p>\n<hr \/>\n","protected":false},"excerpt":{"rendered":"<p>En ao\u00fbt 2020, l\u2019Alliance canadienne pour la maladie mentale et la sant\u00e9 mentale (ACMMSM) a publi\u00e9 son <a target=\"_blank\" href=\"https:\/\/4fd10ef8-cd4e-4952-9d3e-5f87fdb378b7.filesusr.com\/ugd\/b625ef_c4d97119940c44eb84088c948920d984.pdf\" rel=\"noopener noreferrer\"><em><u>Plan d\u2019action en sant\u00e9 mentale<\/u><\/em><\/a> (<em>Un meilleur acc\u00e8s aux services de soins en sant\u00e9 mentale et un syst\u00e8me plus performant au Canada<\/em>), qui renferme six recommandations que devrait mettre en \u0153uvre le gouvernement f\u00e9d\u00e9ral pour am\u00e9liorer l\u2019acc\u00e8s en temps opportun aux services et au soutien en sant\u00e9 mentale au Canada. Il s\u2019agit l\u00e0 d\u2019un exemple important, qui montre que la communaut\u00e9 nationale de la sant\u00e9 mentale parle d\u2019une seule et m\u00eame voix.<\/p>\n<hr \/>\n","protected":false},"author":2,"featured_media":0,"comment_status":"closed","ping_status":"closed","sticky":false,"template":"","format":"standard","meta":{"_acf_changed":false,"_monsterinsights_skip_tracking":false,"_monsterinsights_sitenote_active":false,"_monsterinsights_sitenote_note":"","_monsterinsights_sitenote_category":0,"footnotes":""},"categories":[149],"tags":[],"class_list":["post-21648","post","type-post","status-publish","format-standard","hentry","category-advocacy2fr"],"acf":[],"aioseo_notices":[],"publishpress_future_action":{"enabled":false,"date":"2026-06-10 19:09:15","action":"change-status","newStatus":"draft","terms":[],"taxonomy":"category","extraData":[]},"publishpress_future_workflow_manual_trigger":{"enabledWorkflows":[]},"_links":{"self":[{"href":"https:\/\/cpa.ca\/fr\/wp-json\/wp\/v2\/posts\/21648","targetHints":{"allow":["GET"]}}],"collection":[{"href":"https:\/\/cpa.ca\/fr\/wp-json\/wp\/v2\/posts"}],"about":[{"href":"https:\/\/cpa.ca\/fr\/wp-json\/wp\/v2\/types\/post"}],"author":[{"embeddable":true,"href":"https:\/\/cpa.ca\/fr\/wp-json\/wp\/v2\/users\/2"}],"replies":[{"embeddable":true,"href":"https:\/\/cpa.ca\/fr\/wp-json\/wp\/v2\/comments?post=21648"}],"version-history":[{"count":3,"href":"https:\/\/cpa.ca\/fr\/wp-json\/wp\/v2\/posts\/21648\/revisions"}],"predecessor-version":[{"id":21651,"href":"https:\/\/cpa.ca\/fr\/wp-json\/wp\/v2\/posts\/21648\/revisions\/21651"}],"wp:attachment":[{"href":"https:\/\/cpa.ca\/fr\/wp-json\/wp\/v2\/media?parent=21648"}],"wp:term":[{"taxonomy":"category","embeddable":true,"href":"https:\/\/cpa.ca\/fr\/wp-json\/wp\/v2\/categories?post=21648"},{"taxonomy":"post_tag","embeddable":true,"href":"https:\/\/cpa.ca\/fr\/wp-json\/wp\/v2\/tags?post=21648"}],"curies":[{"name":"wp","href":"https:\/\/api.w.org\/{rel}","templated":true}]}}