{"id":27081,"date":"2022-03-06T23:59:38","date_gmt":"2022-03-07T04:59:38","guid":{"rendered":"https:\/\/cpa.ca\/?p=27081"},"modified":"2022-05-05T13:46:15","modified_gmt":"2022-05-05T17:46:15","slug":"psychology-month-profile-dr-charlene-senn-and-dr-lorraine-radtke-section-on-women-and-psychology","status":"publish","type":"post","link":"https:\/\/cpa.ca\/fr\/psychology-month-profile-dr-charlene-senn-and-dr-lorraine-radtke-section-on-women-and-psychology\/","title":{"rendered":"Profils du Mois de la psychologie : Dre Charlene Senn et Dre Lorraine Radtke, <em>Section des femmes et de la psychologie <\/em>"},"content":{"rendered":"<div style=\"text-align: left;\">\n<a id=\"SWAP\" class=\"anchor\" name=\"SWAP\"><\/a><\/p>\n<div style=\"min-height: 130px;\">\n<div class=\"textwrapleft\"><img decoding=\"async\" class=\"textwrapleft\" style=\"max-width: 90px;\" src=\"https:\/\/cpa.ca\/docs\/File\/Psychology Month\/Charlene Senn.jpg\" alt=\"Dre Charlene Senn\" \/><br \/><span style=\"color:gray;font-size:12px;line-height:9px;\"><em>Dre Charlene Senn<\/em><\/span><\/div>\n<div class=\"textwrapright\"><img decoding=\"async\" class=\"textwrapright\" style=\"max-width: 90px;\" src=\"https:\/\/cpa.ca\/docs\/File\/Psychology Month\/Lorraine Radtke.jpg\" alt=\"Dr. Lorraine Radtke\" \/><br \/><span style=\"color:gray;font-size:12px;line-height:9px;\"><em>Dre Lorraine Radtke<\/em><\/span><\/div>\n<p><strong>Dre Charlene Senn et Dre Lorraine Radtke, <em>Section des femmes et de la psychologie <\/em><\/strong><br \/>\nLa Section des femmes et de la psychologie de l\u2019ACP cr\u00e9e une communaut\u00e9 de chercheurs, d\u2019enseignants et de praticiens int\u00e9ress\u00e9s par la psychologie des femmes et la psychologie f\u00e9ministe. Dans le cadre du Mois de la psychologie d\u2019aujourd\u2019hui, le Dr Lorraine Radtke et la Dre Charlene Senn discutent du travail qu\u2019elles font dans ce domaine.\n<\/div>\n<div id=\"accordions-27077\" class=\"accordions-27077 accordions\" data-accordions={&quot;lazyLoad&quot;:true,&quot;id&quot;:&quot;27077&quot;,&quot;event&quot;:&quot;click&quot;,&quot;collapsible&quot;:&quot;true&quot;,&quot;heightStyle&quot;:&quot;content&quot;,&quot;animateStyle&quot;:&quot;swing&quot;,&quot;animateDelay&quot;:1000,&quot;navigation&quot;:true,&quot;active&quot;:999,&quot;expandedOther&quot;:&quot;no&quot;}>\r\n                <div id=\"accordions-lazy-27077\" class=\"accordions-lazy\" accordionsId=\"27077\">\r\n                    <\/div>\r\n\r\n    <div class=\"items\"  style=\"display:none\" >\r\n    \r\n            <div post_id=\"27077\" itemcount=\"0\"  header_id=\"header-1580324481504\" id=\"header-1580324481504\" style=\"\" class=\"accordions-head head1580324481504 border-none\" toggle-text=\"\" main-text=\"\u00c0 propos de Dre Charlene Senn et Dre Lorraine Radtke\">\r\n                                    <span id=\"accordion-icons-1580324481504\" class=\"accordion-icons\">\r\n                        <span class=\"accordion-icon-active accordion-plus\"><i class=\"fa fas fa-chevron-up\"><\/i><\/span>\r\n                        <span class=\"accordion-icon-inactive accordion-minus\"><i class=\"fa fas fa-chevron-down\"><\/i><\/span>\r\n                    <\/span>\r\n                    <span id=\"header-text-1580324481504\" class=\"accordions-head-title\">\u00c0 propos de Dre Charlene Senn et Dre Lorraine Radtke<\/span>\r\n                            <\/div>\r\n            <div class=\"accordion-content content1580324481504 \">\r\n                <p><strong><a href=\"https:\/\/cpa.ca\/fr\/sections\/SWAP\/\">Section Femmes et psychologie de la SCP<\/a><\/strong><\/p>\n<p>Nous sommes en 1976. Martha Lear vient d\u2019inventer le terme \u00ab\u00a0deuxi\u00e8me vague f\u00e9ministe\u00a0\u00bb dans le <em>New York Magazine<\/em>, et ce mouvement est en plein essor. Aux \u00c9tats-Unis, le Titre\u00a0IX vient d\u2019\u00eatre adopt\u00e9, interdisant la discrimination fond\u00e9e sur le sexe dans toute \u00e9cole recevant des fonds f\u00e9d\u00e9raux. En Su\u00e8de, le groupe\u00a08 vient d\u2019\u00eatre fond\u00e9 et milite pour l\u2019\u00e9galit\u00e9 des salaires, le d\u00e9veloppement des garderies et la journ\u00e9e de travail de six heures. Au Canada, la SCP tient son congr\u00e8s annuel dans un h\u00f4tel de Montr\u00e9al.<\/p>\n<p>Il y a un autre h\u00f4tel de l\u2019autre c\u00f4t\u00e9 de la rue, devant celui o\u00f9 se tient le congr\u00e8s de la SCP. Bien que cet h\u00f4tel ne soit pas affili\u00e9 \u00e0 celui o\u00f9 se d\u00e9roule le congr\u00e8s, les deux \u00e9tablissements sont reli\u00e9s par un tunnel souterrain qui passe sous la rue. Pendant que le congr\u00e8s bat son plein, de nombreuses femmes s\u2019\u00e9clipsent, passent discr\u00e8tement dans ce tunnel pour tenir une r\u00e9union clandestine de leur c\u00f4t\u00e9 de la rue. Ces \u00e9tudiantes dipl\u00f4m\u00e9es et chercheuses f\u00e9ministes non titularis\u00e9es sont l\u00e0 pour pr\u00e9senter leurs communications les unes aux autres. Ces communications traitent de sujets relatifs \u00e0 la psychologie des femmes et des jeunes filles, et elles ont un autre point commun. Lorsqu\u2019elles ont \u00e9t\u00e9 pr\u00e9sent\u00e9es \u00e0 la SCP pour \u00eatre incluses au programme du congr\u00e8s, elles ont toutes \u00e9t\u00e9 rejet\u00e9es sommairement.<\/p>\n<p>Cette r\u00e9union hors site, en marge du congr\u00e8s, a \u00e9t\u00e9 baptis\u00e9e \u00ab\u00a0Symposium souterrain\u00a0\u00bb. Ce n\u2019est pas tellement parce qu\u2019elle \u00e9tait clandestine \u2013 les m\u00e9dias en ont fait grand cas \u2013 mais fort probablement parce qu\u2019on y acc\u00e9dait par le tunnel souterrain reliant les deux h\u00f4tels. L\u2019\u00e9v\u00e9nement a connu un \u00e9norme succ\u00e8s, o\u00f9 les id\u00e9es fusaient et la salle \u00e9tait pleine \u00e0 craquer. C\u2019est ce succ\u00e8s qui a men\u00e9, quatre ans plus tard, \u00e0 la d\u00e9signation d\u2019un groupe d\u2019int\u00e9r\u00eat appel\u00e9 \u00ab\u00a0Femmes et psychologie\u00a0\u00bb. Ce groupe est devenu plus tard la Section Femmes et psychologie, ou SWAP (Section for Women and Psychology) \u2013 et c\u2019est l\u00e0 que nous en sommes aujourd\u2019hui.<\/p>\n<p>Les membres de la Section Femmes et psychologie n\u2019ont pas besoin de s\u2019identifier comme des chercheuses ou des intellectuelles f\u00e9ministes, mais beaucoup d\u2019entre elles le font encore. La pr\u00e9sidente de la section, la Dre\u00a0Lorraine Radtke, maintient certainement la tradition de ce r\u00e9cit des origines. La Dre\u00a0Radtke est professeure \u00e9m\u00e9rite au d\u00e9partement de psychologie de l\u2019Universit\u00e9 de Calgary, o\u00f9 elle a travaill\u00e9 pendant pr\u00e8s de 40\u00a0ans.<\/p>\n<p>\u00ab Je m\u2019identifie comme une psychologue f\u00e9ministe parce que j\u2019accorde la priorit\u00e9 aux femmes et aux filles et que j\u2019adopte une perspective critique \u00e0 l\u2019\u00e9gard du statu quo. Je m\u2019int\u00e9resse aux changements sociaux et \u00e0 l\u2019am\u00e9lioration de la vie des femmes et des filles, \u00bb explique-t-elle.<\/p>\n<p>La psychologie f\u00e9ministe a chang\u00e9 au fil des ans. L\u2019un des principaux changements est le fait que la recherche et la pratique clinique sont d\u00e9sormais men\u00e9es dans un cadre intersectionnel. Cela signifie qu\u2019il faut \u00eatre ouvert aux points de convergence et aux diff\u00e9rences entre les femmes et les filles. Cela signifie \u00e9galement \u00eatre attentif \u00e0 la mani\u00e8re dont les facteurs sociaux, comme le sexe, l\u2019origine ethnique, la sexualit\u00e9 et la situation socio-\u00e9conomique, influent sur leur v\u00e9cu. La Dre\u00a0Charlene Senn est professeure \u00e0 l\u2019Universit\u00e9 de Windsor et affili\u00e9e au programme de psychologie sociale appliqu\u00e9e de la m\u00eame universit\u00e9 et dit de ses recherches et des recherches de ses coll\u00e8gues qu\u2019elles sont toujours soucieuses de ce cadre intersectionnel. Elle affirme \u00e9galement que l\u2019\u00e9tude des femmes et de la psychologie est un sujet plus vaste que ce que beaucoup peuvent penser.<\/p>\n<p>\u00ab\u00a0Je suis une psychologue <em>sociale<\/em> f\u00e9ministe \u2013 la distinction me semble importante car la psychologie est per\u00e7ue comme \u00e9tant individuelle, alors qu\u2019en fait elle s\u2019int\u00e9resse aussi aux forces environnementales, culturelles et sociales. Je donne un cours de deuxi\u00e8me cycle en psychologie f\u00e9ministe et en psychologie des femmes et du genre. Nous \u00e9tudions l\u2019\u00e9norme travail effectu\u00e9 par les psychologues f\u00e9ministes dans de tr\u00e8s nombreux domaines, o\u00f9 la psychologie se transforme gr\u00e2ce au travail qui se fait dans ces domaines.\u00a0\u00bb<\/p>\n<p>La Section Femmes et psychologie n\u2019\u00e9tait pas r\u00e9serv\u00e9e au d\u00e9part aux psychologues f\u00e9ministes et elle compte aujourd\u2019hui des chercheuses de tous les domaines, des \u00e9tudiantes de divers d\u00e9partements du Canada et des psychologues cliniciennes, dont certaines travaillent principalement avec des femmes et des filles.<\/p>\n<p>\u00ab\u00a0Parall\u00e8lement \u00e0 la recherche f\u00e9ministe ou \u00e0 la recherche li\u00e9e aux femmes et aux filles, il se fait de la recherche f\u00e9ministe sur une vari\u00e9t\u00e9 de sujets, comme la masculinit\u00e9, et il existe un axe de recherche qui \u00e9tudie \u00e9galement le statut des femmes en psychologie et s\u2019int\u00e9resse \u00e0 certaines questions comme les in\u00e9galit\u00e9s dans le domaine. Il y a donc une v\u00e9ritable vari\u00e9t\u00e9\u00a0\u00bb, pr\u00e9cise la Dre\u00a0Senn.<\/p>\n<p>La Dre Radtke abonde dans le m\u00eame sens et d\u00e9clare que cette grande vari\u00e9t\u00e9 de travaux r\u00e9alis\u00e9s sous l\u2019angle de la psychologie des femmes et des filles constitue une grande partie de l\u2019histoire de la section.<\/p>\n<p>\u00ab\u00a0Dans les premi\u00e8res ann\u00e9es, les membres de la Section Femmes et psychologie \u00e9taient tr\u00e8s actives au sein de la SCP et d\u2019autres associations professionnelles au Canada et militaient pour l\u2019\u00e9galit\u00e9 entre les sexes et la participation des femmes. Elles plaidaient en faveur de la r\u00e9vision des normes \u00e9thiques afin d\u2019y int\u00e9grer une dimension qui tiendrait compte des pr\u00e9occupations des femmes et des filles. La section a toujours eu un c\u00f4t\u00e9 activiste, et encore aujourd\u2019hui, elle compte un comit\u00e9 de la condition f\u00e9minine, charg\u00e9 de veiller \u00e0 ce que tous les sexes et tous les genres soient \u00e9gaux au sein de la discipline, et que ces normes continuent d\u2019\u00eatre respect\u00e9es\u00a0\u00bb.<\/p>\n<p>C\u2019est gr\u00e2ce \u00e0 l\u2019approche \u00e9largie et \u00e0 la diversit\u00e9 des membres de la Section Femmes et psychologie et du comit\u00e9 de la condition f\u00e9minine que la section a pu collaborer avec la Section de la psychologie des autochtones, la Section des \u00e9tudiants et la Section de la psychologie des communaut\u00e9s rurales et nordiques pour organiser un d\u00e9bat d\u2019experts virtuel lors du congr\u00e8s de la SCP de 2021, portant sur les conclusions du rapport final de l\u2019Enqu\u00eate nationale sur les femmes et les filles autochtones disparues et assassin\u00e9es, et sur son impact sur la psychologie au Canada.<\/p>\n<p>\u00ab\u00a0Ce fut une tr\u00e8s belle collaboration et ce fut tr\u00e8s r\u00e9ussi. Il a \u00e9t\u00e9 d\u00e9cid\u00e9 que le comit\u00e9 ferait le suivi de ce d\u00e9bat d\u2019experts en produisant un rapport non seulement sur le d\u00e9bat lui-m\u00eame, mais en pr\u00e9sentant aussi quelques recommandations. Il s\u2019agit d\u2019une t\u00e2che consid\u00e9rable pour un comit\u00e9 qui est relativement petit, qui se concentrera sur cette question au cours de l\u2019ann\u00e9e \u00e0 venir\u00a0\u00bb, dit la Dre\u00a0Radtke.<\/p>\n<p>Le d\u00e9bat d\u2019experts sur les femmes autochtones disparues et assassin\u00e9es \u00e9tait un \u00e9v\u00e9nement central au congr\u00e8s de la SCP de 2021; personne n\u2019a eu besoin de se faufiler l\u2019autre c\u00f4t\u00e9 de la rue pour exprimer son point de vue. La Dre\u00a0Radtke souligne que des progr\u00e8s ont \u00e9t\u00e9 r\u00e9alis\u00e9s tant au sein de la discipline qu\u2019au sein de l\u2019organisation elle-m\u00eame.<\/p>\n<p>\u00ab\u00a0Il est \u00e9vident que la SCP est devenue plus \u00e9galitaire. Il y a plus de femmes qui assument la fonction de pr\u00e9sidente de la SCP, et plus de femmes qui si\u00e8gent au conseil d\u2019administration que par le pass\u00e9. Bien que ces probl\u00e8mes soient moins importants \u00e0 l\u2019heure actuelle, il y a encore quelques questions qui n\u00e9cessitent une attention particuli\u00e8re, comme la mise en candidature d\u2019un plus grand nombre de femmes distingu\u00e9es pour les prix de la SCP.\u00a0\u00bb<\/p>\n<p>Ces questions ne dispara\u00eetront jamais compl\u00e8tement, et il y a encore beaucoup de travail \u00e0 faire pour les membres de la Section Femmes et psychologie et les psychologues qui travaillent dans le domaine de la psychologie des femmes. Pendant la pand\u00e9mie, les emplois des maris ont pris le pas sur ceux des femmes \u2013 m\u00eame lorsque la femme est une universitaire, m\u00eame lorsqu\u2019elle gagne plus que son mari \u2013 car la garde des enfants est encore trop souvent per\u00e7ue sous un angle traditionnellement patriarcal. Les cas de violence \u00e0 l\u2019\u00e9gard des femmes continuent d\u2019augmenter, car beaucoup de femmes sont pi\u00e9g\u00e9es \u00e0 la maison avec leur agresseur. La Dre\u00a0Senn, dont la sp\u00e9cialit\u00e9 est la pr\u00e9vention de la violence, dit que lorsque les campus rouvriront, le nombre d\u2019agressions sexuelles reviendra probablement au niveau d\u2019avant la pand\u00e9mie. En fait, il n\u2019a pas baiss\u00e9 depuis les ann\u00e9es\u00a01980.<\/p>\n<p>Le domaine de la psychologie des femmes a beaucoup progress\u00e9 depuis le Symposium souterrain, mais il reste encore beaucoup \u00e0 faire pour que le travail des psychologues f\u00e9ministes soit reconnu. Selon la Dre\u00a0Senn, \u00ab\u00a0nous devons encore faire des efforts pour que les connaissances acquises gr\u00e2ce aux recherches exceptionnelles men\u00e9es par les psychologues f\u00e9ministes soient davantage int\u00e9gr\u00e9es dans la soci\u00e9t\u00e9.\u00a0\u00bb Elle fait une pause et \u00e9change un regard complice avec la Dre\u00a0Radtke. \u00ab\u00a0Y compris dans les manuels d\u2019introduction \u00e0 la psychologie\u00a0\u00bb.<\/p>\n            <\/div>\r\n    <\/div>\r\n\r\n\r\n\r\n            <\/div><\/div>\n<hr \/>\n","protected":false},"excerpt":{"rendered":"<div style=\"text-align: left;\">\n<a id=\"SWAP\" class=\"anchor\" name=\"SWAP\"><\/a><\/p>\n<div style=\"min-height: 130px;\">\n<div class=\"textwrapleft\"><img decoding=\"async\" class=\"textwrapleft\" style=\"max-width: 90px;\" src=\"https:\/\/cpa.ca\/docs\/File\/Psychology Month\/Charlene Senn.jpg\" alt=\"Dre Charlene Senn\" \/><br \/><span style=\"color:gray;font-size:12px;line-height:9px;\"><em>Dre Charlene Senn<\/em><\/span><\/div>\n<div class=\"textwrapright\"><img decoding=\"async\" class=\"textwrapright\" style=\"max-width: 90px;\" src=\"https:\/\/cpa.ca\/docs\/File\/Psychology Month\/Lorraine Radtke.jpg\" alt=\"Dr. Lorraine Radtke\" \/><br \/><span style=\"color:gray;font-size:12px;line-height:9px;\"><em>Dre Lorraine Radtke<\/em><\/span><\/div>\n<p><strong>Dre Charlene Senn et Dre Lorraine Radtke, <em>Section des femmes et de la psychologie <\/em><\/strong><br \/>\nLa Section des femmes et de la psychologie de l\u2019ACP cr\u00e9e une communaut\u00e9 de chercheurs, d\u2019enseignants et de praticiens int\u00e9ress\u00e9s par la psychologie des femmes et la psychologie f\u00e9ministe. Dans le cadre du Mois de la psychologie d\u2019aujourd\u2019hui, le Dr Lorraine Radtke et la Dre Charlene Senn discutent du travail qu\u2019elles font dans ce domaine.\n<\/div>\n<div id=\"accordions-27077\" class=\"accordions-27077 accordions\" data-accordions={&quot;lazyLoad&quot;:true,&quot;id&quot;:&quot;27077&quot;,&quot;event&quot;:&quot;click&quot;,&quot;collapsible&quot;:&quot;true&quot;,&quot;heightStyle&quot;:&quot;content&quot;,&quot;animateStyle&quot;:&quot;swing&quot;,&quot;animateDelay&quot;:1000,&quot;navigation&quot;:true,&quot;active&quot;:999,&quot;expandedOther&quot;:&quot;no&quot;}>\r\n                <div id=\"accordions-lazy-27077\" class=\"accordions-lazy\" accordionsId=\"27077\">\r\n                    <\/div>\r\n\r\n    <div class=\"items\"  style=\"display:none\" >\r\n    \r\n            <div post_id=\"27077\" itemcount=\"0\"  header_id=\"header-1580324481504\" id=\"header-1580324481504\" style=\"\" class=\"accordions-head head1580324481504 border-none\" toggle-text=\"\" main-text=\"\u00c0 propos de Dre Charlene Senn et Dre Lorraine Radtke\">\r\n                                    <span id=\"accordion-icons-1580324481504\" class=\"accordion-icons\">\r\n                        <span class=\"accordion-icon-active accordion-plus\"><i class=\"fa fas fa-chevron-up\"><\/i><\/span>\r\n                        <span class=\"accordion-icon-inactive accordion-minus\"><i class=\"fa fas fa-chevron-down\"><\/i><\/span>\r\n                    <\/span>\r\n                    <span id=\"header-text-1580324481504\" class=\"accordions-head-title\">\u00c0 propos de Dre Charlene Senn et Dre Lorraine Radtke<\/span>\r\n                            <\/div>\r\n            <div class=\"accordion-content content1580324481504 \">\r\n                <p><strong><a href=\"https:\/\/cpa.ca\/fr\/sections\/SWAP\/\">Section Femmes et psychologie de la SCP<\/a><\/strong><\/p>\n<p>Nous sommes en 1976. Martha Lear vient d\u2019inventer le terme \u00ab\u00a0deuxi\u00e8me vague f\u00e9ministe\u00a0\u00bb dans le <em>New York Magazine<\/em>, et ce mouvement est en plein essor. Aux \u00c9tats-Unis, le Titre\u00a0IX vient d\u2019\u00eatre adopt\u00e9, interdisant la discrimination fond\u00e9e sur le sexe dans toute \u00e9cole recevant des fonds f\u00e9d\u00e9raux. En Su\u00e8de, le groupe\u00a08 vient d\u2019\u00eatre fond\u00e9 et milite pour l\u2019\u00e9galit\u00e9 des salaires, le d\u00e9veloppement des garderies et la journ\u00e9e de travail de six heures. Au Canada, la SCP tient son congr\u00e8s annuel dans un h\u00f4tel de Montr\u00e9al.<\/p>\n<p>Il y a un autre h\u00f4tel de l\u2019autre c\u00f4t\u00e9 de la rue, devant celui o\u00f9 se tient le congr\u00e8s de la SCP. Bien que cet h\u00f4tel ne soit pas affili\u00e9 \u00e0 celui o\u00f9 se d\u00e9roule le congr\u00e8s, les deux \u00e9tablissements sont reli\u00e9s par un tunnel souterrain qui passe sous la rue. Pendant que le congr\u00e8s bat son plein, de nombreuses femmes s\u2019\u00e9clipsent, passent discr\u00e8tement dans ce tunnel pour tenir une r\u00e9union clandestine de leur c\u00f4t\u00e9 de la rue. Ces \u00e9tudiantes dipl\u00f4m\u00e9es et chercheuses f\u00e9ministes non titularis\u00e9es sont l\u00e0 pour pr\u00e9senter leurs communications les unes aux autres. Ces communications traitent de sujets relatifs \u00e0 la psychologie des femmes et des jeunes filles, et elles ont un autre point commun. Lorsqu\u2019elles ont \u00e9t\u00e9 pr\u00e9sent\u00e9es \u00e0 la SCP pour \u00eatre incluses au programme du congr\u00e8s, elles ont toutes \u00e9t\u00e9 rejet\u00e9es sommairement.<\/p>\n<p>Cette r\u00e9union hors site, en marge du congr\u00e8s, a \u00e9t\u00e9 baptis\u00e9e \u00ab\u00a0Symposium souterrain\u00a0\u00bb. Ce n\u2019est pas tellement parce qu\u2019elle \u00e9tait clandestine \u2013 les m\u00e9dias en ont fait grand cas \u2013 mais fort probablement parce qu\u2019on y acc\u00e9dait par le tunnel souterrain reliant les deux h\u00f4tels. L\u2019\u00e9v\u00e9nement a connu un \u00e9norme succ\u00e8s, o\u00f9 les id\u00e9es fusaient et la salle \u00e9tait pleine \u00e0 craquer. C\u2019est ce succ\u00e8s qui a men\u00e9, quatre ans plus tard, \u00e0 la d\u00e9signation d\u2019un groupe d\u2019int\u00e9r\u00eat appel\u00e9 \u00ab\u00a0Femmes et psychologie\u00a0\u00bb. Ce groupe est devenu plus tard la Section Femmes et psychologie, ou SWAP (Section for Women and Psychology) \u2013 et c\u2019est l\u00e0 que nous en sommes aujourd\u2019hui.<\/p>\n<p>Les membres de la Section Femmes et psychologie n\u2019ont pas besoin de s\u2019identifier comme des chercheuses ou des intellectuelles f\u00e9ministes, mais beaucoup d\u2019entre elles le font encore. La pr\u00e9sidente de la section, la Dre\u00a0Lorraine Radtke, maintient certainement la tradition de ce r\u00e9cit des origines. La Dre\u00a0Radtke est professeure \u00e9m\u00e9rite au d\u00e9partement de psychologie de l\u2019Universit\u00e9 de Calgary, o\u00f9 elle a travaill\u00e9 pendant pr\u00e8s de 40\u00a0ans.<\/p>\n<p>\u00ab Je m\u2019identifie comme une psychologue f\u00e9ministe parce que j\u2019accorde la priorit\u00e9 aux femmes et aux filles et que j\u2019adopte une perspective critique \u00e0 l\u2019\u00e9gard du statu quo. Je m\u2019int\u00e9resse aux changements sociaux et \u00e0 l\u2019am\u00e9lioration de la vie des femmes et des filles, \u00bb explique-t-elle.<\/p>\n<p>La psychologie f\u00e9ministe a chang\u00e9 au fil des ans. L\u2019un des principaux changements est le fait que la recherche et la pratique clinique sont d\u00e9sormais men\u00e9es dans un cadre intersectionnel. Cela signifie qu\u2019il faut \u00eatre ouvert aux points de convergence et aux diff\u00e9rences entre les femmes et les filles. Cela signifie \u00e9galement \u00eatre attentif \u00e0 la mani\u00e8re dont les facteurs sociaux, comme le sexe, l\u2019origine ethnique, la sexualit\u00e9 et la situation socio-\u00e9conomique, influent sur leur v\u00e9cu. La Dre\u00a0Charlene Senn est professeure \u00e0 l\u2019Universit\u00e9 de Windsor et affili\u00e9e au programme de psychologie sociale appliqu\u00e9e de la m\u00eame universit\u00e9 et dit de ses recherches et des recherches de ses coll\u00e8gues qu\u2019elles sont toujours soucieuses de ce cadre intersectionnel. Elle affirme \u00e9galement que l\u2019\u00e9tude des femmes et de la psychologie est un sujet plus vaste que ce que beaucoup peuvent penser.<\/p>\n<p>\u00ab\u00a0Je suis une psychologue <em>sociale<\/em> f\u00e9ministe \u2013 la distinction me semble importante car la psychologie est per\u00e7ue comme \u00e9tant individuelle, alors qu\u2019en fait elle s\u2019int\u00e9resse aussi aux forces environnementales, culturelles et sociales. Je donne un cours de deuxi\u00e8me cycle en psychologie f\u00e9ministe et en psychologie des femmes et du genre. Nous \u00e9tudions l\u2019\u00e9norme travail effectu\u00e9 par les psychologues f\u00e9ministes dans de tr\u00e8s nombreux domaines, o\u00f9 la psychologie se transforme gr\u00e2ce au travail qui se fait dans ces domaines.\u00a0\u00bb<\/p>\n<p>La Section Femmes et psychologie n\u2019\u00e9tait pas r\u00e9serv\u00e9e au d\u00e9part aux psychologues f\u00e9ministes et elle compte aujourd\u2019hui des chercheuses de tous les domaines, des \u00e9tudiantes de divers d\u00e9partements du Canada et des psychologues cliniciennes, dont certaines travaillent principalement avec des femmes et des filles.<\/p>\n<p>\u00ab\u00a0Parall\u00e8lement \u00e0 la recherche f\u00e9ministe ou \u00e0 la recherche li\u00e9e aux femmes et aux filles, il se fait de la recherche f\u00e9ministe sur une vari\u00e9t\u00e9 de sujets, comme la masculinit\u00e9, et il existe un axe de recherche qui \u00e9tudie \u00e9galement le statut des femmes en psychologie et s\u2019int\u00e9resse \u00e0 certaines questions comme les in\u00e9galit\u00e9s dans le domaine. Il y a donc une v\u00e9ritable vari\u00e9t\u00e9\u00a0\u00bb, pr\u00e9cise la Dre\u00a0Senn.<\/p>\n<p>La Dre Radtke abonde dans le m\u00eame sens et d\u00e9clare que cette grande vari\u00e9t\u00e9 de travaux r\u00e9alis\u00e9s sous l\u2019angle de la psychologie des femmes et des filles constitue une grande partie de l\u2019histoire de la section.<\/p>\n<p>\u00ab\u00a0Dans les premi\u00e8res ann\u00e9es, les membres de la Section Femmes et psychologie \u00e9taient tr\u00e8s actives au sein de la SCP et d\u2019autres associations professionnelles au Canada et militaient pour l\u2019\u00e9galit\u00e9 entre les sexes et la participation des femmes. Elles plaidaient en faveur de la r\u00e9vision des normes \u00e9thiques afin d\u2019y int\u00e9grer une dimension qui tiendrait compte des pr\u00e9occupations des femmes et des filles. La section a toujours eu un c\u00f4t\u00e9 activiste, et encore aujourd\u2019hui, elle compte un comit\u00e9 de la condition f\u00e9minine, charg\u00e9 de veiller \u00e0 ce que tous les sexes et tous les genres soient \u00e9gaux au sein de la discipline, et que ces normes continuent d\u2019\u00eatre respect\u00e9es\u00a0\u00bb.<\/p>\n<p>C\u2019est gr\u00e2ce \u00e0 l\u2019approche \u00e9largie et \u00e0 la diversit\u00e9 des membres de la Section Femmes et psychologie et du comit\u00e9 de la condition f\u00e9minine que la section a pu collaborer avec la Section de la psychologie des autochtones, la Section des \u00e9tudiants et la Section de la psychologie des communaut\u00e9s rurales et nordiques pour organiser un d\u00e9bat d\u2019experts virtuel lors du congr\u00e8s de la SCP de 2021, portant sur les conclusions du rapport final de l\u2019Enqu\u00eate nationale sur les femmes et les filles autochtones disparues et assassin\u00e9es, et sur son impact sur la psychologie au Canada.<\/p>\n<p>\u00ab\u00a0Ce fut une tr\u00e8s belle collaboration et ce fut tr\u00e8s r\u00e9ussi. Il a \u00e9t\u00e9 d\u00e9cid\u00e9 que le comit\u00e9 ferait le suivi de ce d\u00e9bat d\u2019experts en produisant un rapport non seulement sur le d\u00e9bat lui-m\u00eame, mais en pr\u00e9sentant aussi quelques recommandations. Il s\u2019agit d\u2019une t\u00e2che consid\u00e9rable pour un comit\u00e9 qui est relativement petit, qui se concentrera sur cette question au cours de l\u2019ann\u00e9e \u00e0 venir\u00a0\u00bb, dit la Dre\u00a0Radtke.<\/p>\n<p>Le d\u00e9bat d\u2019experts sur les femmes autochtones disparues et assassin\u00e9es \u00e9tait un \u00e9v\u00e9nement central au congr\u00e8s de la SCP de 2021; personne n\u2019a eu besoin de se faufiler l\u2019autre c\u00f4t\u00e9 de la rue pour exprimer son point de vue. La Dre\u00a0Radtke souligne que des progr\u00e8s ont \u00e9t\u00e9 r\u00e9alis\u00e9s tant au sein de la discipline qu\u2019au sein de l\u2019organisation elle-m\u00eame.<\/p>\n<p>\u00ab\u00a0Il est \u00e9vident que la SCP est devenue plus \u00e9galitaire. Il y a plus de femmes qui assument la fonction de pr\u00e9sidente de la SCP, et plus de femmes qui si\u00e8gent au conseil d\u2019administration que par le pass\u00e9. Bien que ces probl\u00e8mes soient moins importants \u00e0 l\u2019heure actuelle, il y a encore quelques questions qui n\u00e9cessitent une attention particuli\u00e8re, comme la mise en candidature d\u2019un plus grand nombre de femmes distingu\u00e9es pour les prix de la SCP.\u00a0\u00bb<\/p>\n<p>Ces questions ne dispara\u00eetront jamais compl\u00e8tement, et il y a encore beaucoup de travail \u00e0 faire pour les membres de la Section Femmes et psychologie et les psychologues qui travaillent dans le domaine de la psychologie des femmes. Pendant la pand\u00e9mie, les emplois des maris ont pris le pas sur ceux des femmes \u2013 m\u00eame lorsque la femme est une universitaire, m\u00eame lorsqu\u2019elle gagne plus que son mari \u2013 car la garde des enfants est encore trop souvent per\u00e7ue sous un angle traditionnellement patriarcal. Les cas de violence \u00e0 l\u2019\u00e9gard des femmes continuent d\u2019augmenter, car beaucoup de femmes sont pi\u00e9g\u00e9es \u00e0 la maison avec leur agresseur. La Dre\u00a0Senn, dont la sp\u00e9cialit\u00e9 est la pr\u00e9vention de la violence, dit que lorsque les campus rouvriront, le nombre d\u2019agressions sexuelles reviendra probablement au niveau d\u2019avant la pand\u00e9mie. En fait, il n\u2019a pas baiss\u00e9 depuis les ann\u00e9es\u00a01980.<\/p>\n<p>Le domaine de la psychologie des femmes a beaucoup progress\u00e9 depuis le Symposium souterrain, mais il reste encore beaucoup \u00e0 faire pour que le travail des psychologues f\u00e9ministes soit reconnu. Selon la Dre\u00a0Senn, \u00ab\u00a0nous devons encore faire des efforts pour que les connaissances acquises gr\u00e2ce aux recherches exceptionnelles men\u00e9es par les psychologues f\u00e9ministes soient davantage int\u00e9gr\u00e9es dans la soci\u00e9t\u00e9.\u00a0\u00bb Elle fait une pause et \u00e9change un regard complice avec la Dre\u00a0Radtke. \u00ab\u00a0Y compris dans les manuels d\u2019introduction \u00e0 la psychologie\u00a0\u00bb.<\/p>\n            <\/div>\r\n    <\/div>\r\n\r\n\r\n\r\n            <\/div><\/div>\n<hr \/>\n","protected":false},"author":2,"featured_media":0,"comment_status":"closed","ping_status":"closed","sticky":false,"template":"","format":"standard","meta":{"_acf_changed":false,"_monsterinsights_skip_tracking":false,"_monsterinsights_sitenote_active":false,"_monsterinsights_sitenote_note":"","_monsterinsights_sitenote_category":0,"footnotes":""},"categories":[138,175],"tags":[],"class_list":["post-27081","post","type-post","status-publish","format-standard","hentry","category-psychprofilesfr","category-psychmonth2022fr"],"acf":[],"aioseo_notices":[],"publishpress_future_action":{"enabled":false,"date":"2026-06-07 14:33:45","action":"change-status","newStatus":"draft","terms":[],"taxonomy":"category","extraData":[]},"publishpress_future_workflow_manual_trigger":{"enabledWorkflows":[]},"_links":{"self":[{"href":"https:\/\/cpa.ca\/fr\/wp-json\/wp\/v2\/posts\/27081","targetHints":{"allow":["GET"]}}],"collection":[{"href":"https:\/\/cpa.ca\/fr\/wp-json\/wp\/v2\/posts"}],"about":[{"href":"https:\/\/cpa.ca\/fr\/wp-json\/wp\/v2\/types\/post"}],"author":[{"embeddable":true,"href":"https:\/\/cpa.ca\/fr\/wp-json\/wp\/v2\/users\/2"}],"replies":[{"embeddable":true,"href":"https:\/\/cpa.ca\/fr\/wp-json\/wp\/v2\/comments?post=27081"}],"version-history":[{"count":5,"href":"https:\/\/cpa.ca\/fr\/wp-json\/wp\/v2\/posts\/27081\/revisions"}],"predecessor-version":[{"id":28797,"href":"https:\/\/cpa.ca\/fr\/wp-json\/wp\/v2\/posts\/27081\/revisions\/28797"}],"wp:attachment":[{"href":"https:\/\/cpa.ca\/fr\/wp-json\/wp\/v2\/media?parent=27081"}],"wp:term":[{"taxonomy":"category","embeddable":true,"href":"https:\/\/cpa.ca\/fr\/wp-json\/wp\/v2\/categories?post=27081"},{"taxonomy":"post_tag","embeddable":true,"href":"https:\/\/cpa.ca\/fr\/wp-json\/wp\/v2\/tags?post=27081"}],"curies":[{"name":"wp","href":"https:\/\/api.w.org\/{rel}","templated":true}]}}